{"id":73,"date":"2014-09-18T08:11:49","date_gmt":"2014-09-18T08:11:49","guid":{"rendered":"http:\/\/www.jewish-holiday.com\/?p=73"},"modified":"2014-09-18T08:11:49","modified_gmt":"2014-09-18T08:11:49","slug":"mallorca-airport-2","status":"publish","type":"post","link":"https:\/\/www.jewish-holiday.com\/?p=73&lang=sv","title":{"rendered":"Mallorca Airport"},"content":{"rendered":"<h2><b>\u00d6versikt<\/b><\/h2>\n<p>Mallorca flygplats, \u00e4ven k\u00e4nd som Son Sant Joan Airport och Palma de Mallorca Airport (IATA kod: PMI) \u00e4r en av Spaniens mest popul\u00e4ra, tack vare sitt l\u00e4ge n\u00e4ra en av de l\u00e4nder som mest ber\u00f6mda strandn\u00e4ra semesterorter. Flygplatsen hanterar cirka 22 miljoner passagerare om \u00e5ret, den tredje st\u00f6rsta i Spanien bakom Madrid och Barcelona. Planer p\u00e5 att utvidga flygplatsen f\u00f6r att betj\u00e4na upp till 38 miljoner passagerare per \u00e5r \u00e4r under utveckling, med f\u00e4rdigst\u00e4llande planeras till 2015. Mallorcas flygplats \u00e4r utrustad med tv\u00e5 terminaler best\u00e5r av fyra moduler, var och en utrustad med m\u00e5nga grindar och luftbroar.<\/p>\n<h2><b>Kort historik<\/b><\/h2>\n<p>Palma de Mallorca Airport g\u00e5r tillbaka till 1920-talet n\u00e4r den f\u00f6rst anv\u00e4ndes av sj\u00f6flygplan f\u00f6r att leverera post att beskriva \u00f6ar, och sedan p\u00e5 1930-talet f\u00f6r inhemska flygv\u00e4gar i hela Spanien. Det var inte f\u00f6rr\u00e4n 1958 att flygf\u00e4ltet g\u00e5tt fr\u00e5n mer milit\u00e4ra eller kommersiella \u00e4ndam\u00e5l till en civil flygplats. Flygplatsen p\u00e5b\u00f6rjade internationella och inrikesflyg i sommaren 1960. Sedan dess har flygplatsen stadigt \u00f6kat antalet resen\u00e4rer den tj\u00e4nar, transporterar fr\u00e4mst till destinationer i Spanien, Tyskland och Storbritannien.<\/p>\n<h2><b>Faciliteter<\/b><\/h2>\n<p><a href=\"http:\/\/www.jewish-holiday.com\/wp-content\/uploads\/2014\/09\/Flughafen-Palma-leer-Winter.jpg\"><img loading=\"lazy\" decoding=\"async\" class=\"alignright size-medium wp-image-18\" src=\"http:\/\/www.jewish-holiday.com\/wp-content\/uploads\/2014\/09\/Flughafen-Palma-leer-Winter-300x181.jpg\" alt=\"Flughafen-Palma-leer-Winter\" width=\"300\" height=\"181\" srcset=\"https:\/\/www.jewish-holiday.com\/wp-content\/uploads\/2014\/09\/Flughafen-Palma-leer-Winter-300x181.jpg 300w, https:\/\/www.jewish-holiday.com\/wp-content\/uploads\/2014\/09\/Flughafen-Palma-leer-Winter.jpg 378w\" sizes=\"auto, (max-width: 300px) 100vw, 300px\" \/><\/a><\/p>\n<p>Tj\u00e4nster p\u00e5 Palma de Mallorca flygplats \u00e4r f\u00f6rdelade mellan de fyra v\u00e5ningarna.\u00a0 Banktj\u00e4nster, posttj\u00e4nster, och ett antal mellanm\u00e5l barer, kaf\u00e9er och en restaurang ligger p\u00e5 andra v\u00e5ningen i ankomst omr\u00e5dets hela terminalen.\u00a0 Tullfria butiker, resebyr\u00e5, presentbutiker, och en pizzeria finns inuti terminalen.\u00a0 A24-timmars cafeteria och bar finns ocks\u00e5, liksom en tobaksaff\u00e4r. F\u00f6r aff\u00e4rsresen\u00e4rer, VIP-lounger och ett styrelserum finns ocks\u00e5, \u00e4ven om det rekommenderas att resen\u00e4rer ringa i f\u00f6rv\u00e4g f\u00f6r att boka styrelserummet f\u00f6r att se till att det \u00e4r tillg\u00e4ngliga n\u00e4r de beh\u00f6vs.<\/p>\n<h2><b>Biluthyrning<\/b><\/h2>\n<p>Biluthyrning p\u00e5 Palma de Mallorca flygplats ger m\u00e5nga alternativ. Kontrollera och j\u00e4mf\u00f6ra priser samt fordons alternativ som popul\u00e4ra leverant\u00f6rer. Deras webbplatser \u00e4r listade nedan:<a href=\"http:\/\/www.hyrbil-mallorca.se\/\">Hyrbil-mallorca.se\/<\/a>, <a href=\"http:\/\/www.hyrbilspanien.se\/biluthyrning\/mallorca.php\">Hyrbilspanien.se- Hyrbil Mallorca<\/a>, <a href=\"http:\/\/www.hyrbilguiden.se\/spanien\/mallorca-flygplats.php\">Hyrbilguiden.se<\/a> och <a href=\"http:\/\/www.biluthyrning24.se\/spanien\/mallorca-flygplats.php\">Biluthyrning24.se &#8211; Mallorca Flygplats<\/a>.<\/p>\n<p>Biluthyrning skrivbord f\u00f6r stora hyrbilsf\u00f6retag finns i ankomsthallen terminal p\u00e5 bottenv\u00e5ningen intill huvud parkering byggnad och inom promenadavst\u00e5nd fr\u00e5n ankomstomr\u00e5den och bagageutl\u00e4mningen. J\u00e4mf\u00f6r priser och tj\u00e4nster som erbjuds av stora och lokala transportf\u00f6retag. N\u00e5gra lokala b\u00e4rare inkluderar Centauro, Auriga Crown Mallorca, och Goldcar Rental Mallorca Airport.<\/p>\n<p>Det rekommenderas att resen\u00e4rer boka en hyrbil i avancerat under de popul\u00e4ra sommarm\u00e5naderna, eller till minst 48 timmar f\u00f6re ankomst f\u00f6r att garantera en bil finns tillg\u00e4nglig. Resen\u00e4rer kan f\u00e5 tillg\u00e5ng till ytterligare information om hyrbilsf\u00f6retag finns p\u00e5 Mallorca Airport p\u00e5 deras hemsida adress h\u00e4r: http:\/\/www.aena.es .<\/p>\n<p>F\u00f6r ytterligare information om Mallorca, tillg\u00e5ng till deras hemsida www.aena-aeropuertos.es eller genom att ringa deras kundtj\u00e4nst antal p\u00e5 902 404 704.Flygplatsen ligger vid E-07.611, Palma, Mallorca, Spanien.<\/p>\n","protected":false},"excerpt":{"rendered":"<p>\u00d6versikt Mallorca flygplats, \u00e4ven k\u00e4nd som Son Sant Joan Airport och Palma de Mallorca Airport (IATA kod: PMI) \u00e4r en av Spaniens mest popul\u00e4ra, tack vare sitt l\u00e4ge n\u00e4ra en av de l\u00e4nder som mest ber\u00f6mda strandn\u00e4ra semesterorter. Flygplatsen hanterar cirka 22 miljoner passagerare om \u00e5ret, den tredje st\u00f6rsta i Spanien bakom Madrid och Barcelona. [&hellip;]<\/p>\n","protected":false},"author":2,"featured_media":17,"comment_status":"closed","ping_status":"closed","sticky":false,"template":"","format":"standard","meta":{"footnotes":""},"categories":[5],"tags":[],"class_list":["post-73","post","type-post","status-publish","format-standard","has-post-thumbnail","hentry","category-okategoriserad"],"_links":{"self":[{"href":"https:\/\/www.jewish-holiday.com\/index.php?rest_route=\/wp\/v2\/posts\/73","targetHints":{"allow":["GET"]}}],"collection":[{"href":"https:\/\/www.jewish-holiday.com\/index.php?rest_route=\/wp\/v2\/posts"}],"about":[{"href":"https:\/\/www.jewish-holiday.com\/index.php?rest_route=\/wp\/v2\/types\/post"}],"author":[{"embeddable":true,"href":"https:\/\/www.jewish-holiday.com\/index.php?rest_route=\/wp\/v2\/users\/2"}],"replies":[{"embeddable":true,"href":"https:\/\/www.jewish-holiday.com\/index.php?rest_route=%2Fwp%2Fv2%2Fcomments&post=73"}],"version-history":[{"count":0,"href":"https:\/\/www.jewish-holiday.com\/index.php?rest_route=\/wp\/v2\/posts\/73\/revisions"}],"wp:featuredmedia":[{"embeddable":true,"href":"https:\/\/www.jewish-holiday.com\/index.php?rest_route=\/wp\/v2\/media\/17"}],"wp:attachment":[{"href":"https:\/\/www.jewish-holiday.com\/index.php?rest_route=%2Fwp%2Fv2%2Fmedia&parent=73"}],"wp:term":[{"taxonomy":"category","embeddable":true,"href":"https:\/\/www.jewish-holiday.com\/index.php?rest_route=%2Fwp%2Fv2%2Fcategories&post=73"},{"taxonomy":"post_tag","embeddable":true,"href":"https:\/\/www.jewish-holiday.com\/index.php?rest_route=%2Fwp%2Fv2%2Ftags&post=73"}],"curies":[{"name":"wp","href":"https:\/\/api.w.org\/{rel}","templated":true}]}}